{"id":33491,"date":"2025-09-18T12:46:04","date_gmt":"2025-09-18T16:46:04","guid":{"rendered":"https:\/\/www.monsffa.ca\/?p=33491"},"modified":"2025-09-18T12:46:04","modified_gmt":"2025-09-18T16:46:04","slug":"monsffa-nominated-for-the-prix-boreal","status":"publish","type":"post","link":"https:\/\/www.monsffa.ca\/?p=33491","title":{"rendered":"MonSFFA nominated for the Prix Bor\u00e9al!"},"content":{"rendered":"<h3>MonSFFA nominated for the Prix Bor\u00e9al!<\/h3>\n<p>Bonjour \u00e0 l&#8217;\u00e9quipe de MonSFFA,<\/p>\n<p dir=\"ltr\">Mon nom est Laurianne Boss\u00e9, et je suis co-responsable des Prix Aurora-Bor\u00e9al 2025, remis chaque ann\u00e9e par l\u2019organisme \u00e0 but non lucratif SFSF Bor\u00e9al.<\/p>\n<p dir=\"ltr\">La p\u00e9riode de nominations aux Prix est termin\u00e9e. Au nom du comit\u00e9 organisateur, j&#8217;ai le plaisir de vous apprendre que vous avez re\u00e7u suffisamment de nominations pour \u00eatre finaliste dans la cat\u00e9gorie suivante :<\/p>\n<p dir=\"ltr\">Prix Bor\u00e9al \u2013 Fan\u00e9dition<\/p>\n<p dir=\"ltr\">Ce prix sert \u00e0 souligner les contributions non-professionnelles \u00e0 l\u2019enrichissement du milieu qui ne peuvent \u00eatre class\u00e9es dans les cat\u00e9gories pr\u00e9c\u00e9dentes. Sont admissibles, entre autres, les associations, fanzines, webzines et blogues. Un webzine ou blogue doit avoir publi\u00e9 durant l\u2019ann\u00e9e qui pr\u00e9c\u00e8de la remise du prix un minimum de 10 billets ou contributions relevant de la science-fiction, du fantastique ou de la fantasy, \u00e0 condition qu\u2019il ne soit pas uniquement consacr\u00e9 aux annonces autopromotionnelles.<\/p>\n<p dir=\"ltr\">pour<\/p>\n<p dir=\"ltr\"><span id=\"m_3812934371392351392gmail-docs-internal-guid-5baaaa34-7fff-4607-28dc-72ddf8c5db2f\">MonSFFA (club) &#8211; <a href=\"http:\/\/www.monsffa.ca\/\" target=\"_blank\" rel=\"noopener\">http:\/\/www.monsffa.ca\/<\/a><\/span><\/p>\n<div><\/div>\n<p>&nbsp;<\/p>\n<p dir=\"ltr\">Comme de rigueur, les Prix Aurora-Bor\u00e9al vous offrent l&#8217;opportunit\u00e9 de d\u00e9cliner cette nomination si, pour quelconque raison, vous estimez qu&#8217;elle n&#8217;est pas appropri\u00e9e.<\/p>\n<p>&nbsp;<\/p>\n<p dir=\"ltr\">La c\u00e9r\u00e9monie de remise des prix se tiendra le dimanche 21 septembre, d\u00e8s 15h30, dans le cadre du Congr\u00e8s Bor\u00e9al 2023, tenu au Coll\u00e8ge de Bois-de-Boulogne (10555 avenue de Bois-de-Boulogne, Montr\u00e9al, QC, H4N 1L4). Veuillez \u00e9galement noter qu\u2019un billet valide pour la journ\u00e9e de dimanche est n\u00e9cessaire afin d\u2019assister \u00e0 la c\u00e9r\u00e9monie de remise.<\/p>\n<p>&nbsp;<\/p>\n<p dir=\"ltr\">F\u00e9licitations, et au plaisir de vous compter parmi nous lors de la c\u00e9r\u00e9monie!<\/p>\n<p>&nbsp;<\/p>\n<p dir=\"ltr\">Laurianne Boss\u00e9<\/p>\n<p dir=\"ltr\">Co-responsable des Prix Aurora-Bor\u00e9al et administratrice de SFSF Bor\u00e9al<\/p>\n","protected":false},"excerpt":{"rendered":"<p>MonSFFA nominated for the Prix Bor\u00e9al! Bonjour \u00e0 l&#8217;\u00e9quipe de MonSFFA, Mon nom est Laurianne Boss\u00e9, et je suis co-responsable des Prix Aurora-Bor\u00e9al 2025, remis chaque ann\u00e9e par l\u2019organisme \u00e0 but non lucratif SFSF Bor\u00e9al. La p\u00e9riode de nominations aux Prix est termin\u00e9e. Au nom du comit\u00e9 organisateur, j&#8217;ai le plaisir de vous apprendre que &hellip; <a href=\"https:\/\/www.monsffa.ca\/?p=33491\" class=\"more-link\">Continue reading <span class=\"screen-reader-text\">MonSFFA nominated for the Prix Bor\u00e9al!<\/span> <span class=\"meta-nav\">&rarr;<\/span><\/a><\/p>\n","protected":false},"author":645,"featured_media":0,"comment_status":"open","ping_status":"closed","sticky":false,"template":"","format":"standard","meta":{"jetpack_post_was_ever_published":false,"_jetpack_newsletter_access":"","_jetpack_dont_email_post_to_subs":false,"_jetpack_newsletter_tier_id":0,"_jetpack_memberships_contains_paywalled_content":false,"_jetpack_memberships_contains_paid_content":false,"footnotes":"","jetpack_publicize_message":"","jetpack_publicize_feature_enabled":true,"jetpack_social_post_already_shared":true,"jetpack_social_options":{"image_generator_settings":{"template":"highway","default_image_id":0,"font":"","enabled":false},"version":2}},"categories":[398],"tags":[],"class_list":["post-33491","post","type-post","status-publish","format-standard","hentry","category-awards"],"jetpack_publicize_connections":[],"jetpack_featured_media_url":"","jetpack_sharing_enabled":true,"_links":{"self":[{"href":"https:\/\/www.monsffa.ca\/index.php?rest_route=\/wp\/v2\/posts\/33491","targetHints":{"allow":["GET"]}}],"collection":[{"href":"https:\/\/www.monsffa.ca\/index.php?rest_route=\/wp\/v2\/posts"}],"about":[{"href":"https:\/\/www.monsffa.ca\/index.php?rest_route=\/wp\/v2\/types\/post"}],"author":[{"embeddable":true,"href":"https:\/\/www.monsffa.ca\/index.php?rest_route=\/wp\/v2\/users\/645"}],"replies":[{"embeddable":true,"href":"https:\/\/www.monsffa.ca\/index.php?rest_route=%2Fwp%2Fv2%2Fcomments&post=33491"}],"version-history":[{"count":1,"href":"https:\/\/www.monsffa.ca\/index.php?rest_route=\/wp\/v2\/posts\/33491\/revisions"}],"predecessor-version":[{"id":33492,"href":"https:\/\/www.monsffa.ca\/index.php?rest_route=\/wp\/v2\/posts\/33491\/revisions\/33492"}],"wp:attachment":[{"href":"https:\/\/www.monsffa.ca\/index.php?rest_route=%2Fwp%2Fv2%2Fmedia&parent=33491"}],"wp:term":[{"taxonomy":"category","embeddable":true,"href":"https:\/\/www.monsffa.ca\/index.php?rest_route=%2Fwp%2Fv2%2Fcategories&post=33491"},{"taxonomy":"post_tag","embeddable":true,"href":"https:\/\/www.monsffa.ca\/index.php?rest_route=%2Fwp%2Fv2%2Ftags&post=33491"}],"curies":[{"name":"wp","href":"https:\/\/api.w.org\/{rel}","templated":true}]}}